{"id":7178,"date":"2025-07-24T11:34:54","date_gmt":"2025-07-24T09:34:54","guid":{"rendered":"https:\/\/seitech.es\/el-grupo-apave-acelera-su-desarrollo-en-la-peninsula-iberica-con-la-adquisicion-de-seitech\/"},"modified":"2025-11-18T13:18:49","modified_gmt":"2025-11-18T12:18:49","slug":"el-grupo-apave-acelera-su-desarrollo-en-la-peninsula-iberica-con-la-adquisicion-de-seitech","status":"publish","type":"post","link":"https:\/\/seitech.es\/fr\/el-grupo-apave-acelera-su-desarrollo-en-la-peninsula-iberica-con-la-adquisicion-de-seitech\/","title":{"rendered":"El Grupo Apave acelera su desarrollo\u00a0en la Pen\u00ednsula Ib\u00e9rica con la adquisici\u00f3n de Seitech"},"content":{"rendered":"<p><a href=\"http:\/\/www.apave.com\" target=\"_blank\" rel=\"noopener\">Apave<\/a>, grupo internacional con m\u00e1s de 150 a\u00f1os de experiencia especializado en la gesti\u00f3n de riesgos t\u00e9cnicos, medioambientales, humanos y digitales, ha anunciado hoy la <strong>adquisici\u00f3n de Seitech, empresa espa\u00f1ola que ofrece soluciones tecnol\u00f3gicas e innovadoras para operaciones de campo. <\/strong><\/p>\n<h2>Seitech: l\u00edder espa\u00f1ol en digitalizaci\u00f3n para operaciones de campo<\/h2>\n<p>Con sede en Madrid y presencia en toda Espa\u00f1a y Portugal, Seitech ofrece servicios de inspecci\u00f3n, control de calidad y ensayos destinados a reducir los riesgos para la salud y la seguridad, reducir los costes, optimizar los procesos y mejorar el control de la calidad t\u00e9cnica de los proyectos en los que trabaja.<\/p>\n<p>Desde su creaci\u00f3n en 2017, Seitech se ha convertido en un actor reconocido en la Pen\u00ednsula Ib\u00e9rica gracias a una oferta que ha evolucionado y se ha digitalizado en los \u00faltimos a\u00f1os. En la actualidad, la empresa utiliza la digitalizaci\u00f3n y las nuevas tecnolog\u00edas, como la visi\u00f3n artificial, el aprendizaje autom\u00e1tico, la monitorizaci\u00f3n remota y la inteligencia artificial, para ofrecer soluciones pr\u00e1cticas y rentables para las operaciones de campo de sus clientes.<\/p>\n<p><strong>Con sus 80 empleados, Seitech da soporte a su cartera de clientes nacionales e internacionales<\/strong> con soluciones tecnol\u00f3gicas de vanguardia (c\u00e1maras de visi\u00f3n continua, monitorizaci\u00f3n remota, inteligencia artificial (IA), etc.) para la inspecci\u00f3n, el control de calidad y los ensayos. Su oferta se complementa con servicios de consultor\u00eda, asistencia t\u00e9cnica y formaci\u00f3n.<\/p>\n<h2>Una adquisici\u00f3n que refuerza la presencia del Grupo Apave en la Pen\u00ednsula Ib\u00e9rica y ampl\u00eda su oferta tecnol\u00f3gica, en particular para el sector de las telecomunicaciones.<\/h2>\n<p>La adquisici\u00f3n de Seitech por parte de Apave se inscribe en la din\u00e1mica de crecimiento iniciada por el Grupo desde el lanzamiento de su plan estrat\u00e9gico 2020-2025. Seitech se convierte as\u00ed en la 29\u00aa adquisici\u00f3n del Grupo, lo que confirma su objetivo de convertirse en l\u00edder mundial en el sector de ensayos inspecci\u00f3n y certificaci\u00f3n.<\/p>\n<p><strong>La llegada de Seitech refuerza la presencia del Grupo en Europa<\/strong>, una de las zonas geogr\u00e1ficas prioritarias para el desarrollo de Apave, especialmente en la Pen\u00ednsula Ib\u00e9rica, donde el Grupo ya hab\u00eda invertido en 2020 con la adquisici\u00f3n de Eurocontrol (Grupo Apave). Eurocontrol (Grupo Apave) y Seitech, que operan en el mismo territorio, ofrecen servicios muy complementarios, especialmente para el sector de las telecomunicaciones. Tras la adquisici\u00f3n de Eurocontrol (Grupo Apave) a finales de 2020 y de Systemics (una empresa polaca especializada en la medici\u00f3n y el an\u00e1lisis del rendimiento de redes telef\u00f3nicas) en 2023, esta adquisici\u00f3n consolida la oferta del Grupo para los actores del sector de las telecomunicaciones.<\/p>\n<p><strong>La integraci\u00f3n de la experiencia de Seitech en el Grupo le permitir\u00e1 ofrecer servicios de consultor\u00eda y asistencia t\u00e9cnica de alto valor a\u00f1adido en los sectores de las telecomunicaciones y la electricidad en todo el mundo<\/strong>, incluida la Pen\u00ednsula Ib\u00e9rica, donde estos dos sectores han sido identificados como estrat\u00e9gicos para la econom\u00eda del futuro. Adem\u00e1s, el ADN tecnol\u00f3gico de Seitech representa una oportunidad para que el Grupo siga avanzando en el uso de tecnolog\u00edas de vanguardia, como el reconocimiento de im\u00e1genes o la inteligencia artificial, tanto en los procesos internos como en los servicios de valor a\u00f1adido para los clientes.<\/p>\n<blockquote><p>\u00ab<em>Ante los retos que afectan a los sectores de las telecomunicaciones y la energ\u00eda, como la resiliencia de las infraestructuras, la ciberseguridad y la integraci\u00f3n de las energ\u00edas renovables y el 5G, la innovaci\u00f3n es ahora una necesidad. La adquisici\u00f3n de Seitech refuerza nuestra capacidad para ofrecer soluciones punteras de inspecci\u00f3n, ensayo y asistencia t\u00e9cnica, aumentando el valor a\u00f1adido de nuestra oferta a los actores del sector de las telecomunicaciones y permiti\u00e9ndonos apoyar mejor a nuestros clientes ofreci\u00e9ndoles soluciones m\u00e1s completas e innovadoras. Estoy encantado de dar la bienvenida a los equipos de Seitech al Grupo<\/em>\u00bb, ha declarado Philippe Maillard, director general del Grupo Apave.<\/p>\n<p>\u00ab<em>La incorporaci\u00f3n de Seitech al grupo internacional Apave representa un paso estrat\u00e9gico en nuestro crecimiento. Esta alianza no s\u00f3lo valida el trabajo y el compromiso de todo nuestro equipo a lo largo de los a\u00f1os, sino que tambi\u00e9n abre nuevas oportunidades para desarrollar nuestras soluciones y nuestra capacidad de innovaci\u00f3n. Gracias al apoyo y la experiencia global de Apave, podremos acelerar nuestros planes, llegar a nuevos mercados y seguir ofreciendo soluciones de alto valor a nuestros clientes. Por encima de todo, esta operaci\u00f3n es una excelente noticia para nuestros empleados, su crecimiento y su desarrollo profesional<\/em>\u00bb, ha declarado Vicente Arag\u00f3, director general de Seitech.<\/p><\/blockquote>\n","protected":false},"excerpt":{"rendered":"<p>Apave, grupo internacional con m\u00e1s de 150 a\u00f1os de experiencia especializado en la gesti\u00f3n de riesgos t\u00e9cnicos, medioambientales, humanos y digitales, ha anunciado hoy la adquisici\u00f3n de Seitech, empresa espa\u00f1ola que ofrece soluciones tecnol\u00f3gicas e innovadoras para operaciones de campo. Seitech: l\u00edder espa\u00f1ol en digitalizaci\u00f3n para operaciones de campo Con sede en Madrid y presencia [&hellip;]<\/p>\n","protected":false},"author":4,"featured_media":7179,"comment_status":"closed","ping_status":"closed","sticky":false,"template":"","format":"standard","meta":{"footnotes":""},"categories":[88],"tags":[89],"class_list":["post-7178","post","type-post","status-publish","format-standard","has-post-thumbnail","hentry","category-corporativo","tag-apave"],"yoast_head":"<!-- This site is optimized with the Yoast SEO plugin v27.4 - https:\/\/yoast.com\/product\/yoast-seo-wordpress\/ -->\n<title>El Grupo Apave acelera su desarrollo\u00a0en la Pen\u00ednsula Ib\u00e9rica con la adquisici\u00f3n de Seitech - Seitech<\/title>\n<meta name=\"description\" content=\"Apave, grupo internacional con m\u00e1s de 150 a\u00f1os de experiencia en la gesti\u00f3n de riesgos t\u00e9cnicos, medioambientales, humanos y digitales, ha adquirido Seitech.\" \/>\n<meta name=\"robots\" content=\"index, follow, max-snippet:-1, max-image-preview:large, max-video-preview:-1\" \/>\n<link rel=\"canonical\" href=\"https:\/\/seitech.es\/fr\/el-grupo-apave-acelera-su-desarrollo-en-la-peninsula-iberica-con-la-adquisicion-de-seitech\/\" \/>\n<meta property=\"og:locale\" content=\"fr_FR\" \/>\n<meta property=\"og:type\" content=\"article\" \/>\n<meta property=\"og:title\" content=\"El Grupo Apave acelera su desarrollo\u00a0en la Pen\u00ednsula Ib\u00e9rica con la adquisici\u00f3n de Seitech - Seitech\" \/>\n<meta property=\"og:description\" content=\"Apave, grupo internacional con m\u00e1s de 150 a\u00f1os de experiencia en la gesti\u00f3n de riesgos t\u00e9cnicos, medioambientales, humanos y digitales, ha adquirido Seitech.\" \/>\n<meta property=\"og:url\" content=\"https:\/\/seitech.es\/fr\/el-grupo-apave-acelera-su-desarrollo-en-la-peninsula-iberica-con-la-adquisicion-de-seitech\/\" \/>\n<meta property=\"og:site_name\" content=\"Seitech\" \/>\n<meta property=\"article:published_time\" content=\"2025-07-24T09:34:54+00:00\" \/>\n<meta property=\"article:modified_time\" content=\"2025-11-18T12:18:49+00:00\" \/>\n<meta property=\"og:image\" content=\"https:\/\/seitech.es\/wp-content\/uploads\/2025\/07\/Obrero-de-Apave-mira-hacia-arriba.jpg\" \/>\n\t<meta property=\"og:image:width\" content=\"1500\" \/>\n\t<meta property=\"og:image:height\" content=\"1000\" \/>\n\t<meta property=\"og:image:type\" content=\"image\/jpeg\" \/>\n<meta name=\"author\" content=\"marketing\" \/>\n<meta name=\"twitter:card\" content=\"summary_large_image\" \/>\n<meta name=\"twitter:creator\" content=\"@marketing\" \/>\n<meta name=\"twitter:label1\" content=\"\u00c9crit par\" \/>\n\t<meta name=\"twitter:data1\" content=\"marketing\" \/>\n\t<meta name=\"twitter:label2\" content=\"Dur\u00e9e de lecture estim\u00e9e\" \/>\n\t<meta name=\"twitter:data2\" content=\"3 minutes\" \/>\n<script type=\"application\/ld+json\" class=\"yoast-schema-graph\">{\"@context\":\"https:\\\/\\\/schema.org\",\"@graph\":[{\"@type\":\"Article\",\"@id\":\"https:\\\/\\\/seitech.es\\\/fr\\\/el-grupo-apave-acelera-su-desarrollo-en-la-peninsula-iberica-con-la-adquisicion-de-seitech\\\/#article\",\"isPartOf\":{\"@id\":\"https:\\\/\\\/seitech.es\\\/fr\\\/el-grupo-apave-acelera-su-desarrollo-en-la-peninsula-iberica-con-la-adquisicion-de-seitech\\\/\"},\"author\":{\"name\":\"marketing\",\"@id\":\"https:\\\/\\\/seitech.es\\\/fr\\\/#\\\/schema\\\/person\\\/ec60628e595f2553c1138e8602cd46e6\"},\"headline\":\"El Grupo Apave acelera su desarrollo\u00a0en la Pen\u00ednsula Ib\u00e9rica con la adquisici\u00f3n de Seitech\",\"datePublished\":\"2025-07-24T09:34:54+00:00\",\"dateModified\":\"2025-11-18T12:18:49+00:00\",\"mainEntityOfPage\":{\"@id\":\"https:\\\/\\\/seitech.es\\\/fr\\\/el-grupo-apave-acelera-su-desarrollo-en-la-peninsula-iberica-con-la-adquisicion-de-seitech\\\/\"},\"wordCount\":821,\"image\":{\"@id\":\"https:\\\/\\\/seitech.es\\\/fr\\\/el-grupo-apave-acelera-su-desarrollo-en-la-peninsula-iberica-con-la-adquisicion-de-seitech\\\/#primaryimage\"},\"thumbnailUrl\":\"https:\\\/\\\/seitech.es\\\/wp-content\\\/uploads\\\/2025\\\/07\\\/Obrero-de-Apave-mira-hacia-arriba.jpg\",\"keywords\":[\"Apave\"],\"articleSection\":[\"Corporativo\"],\"inLanguage\":\"fr-FR\"},{\"@type\":\"WebPage\",\"@id\":\"https:\\\/\\\/seitech.es\\\/fr\\\/el-grupo-apave-acelera-su-desarrollo-en-la-peninsula-iberica-con-la-adquisicion-de-seitech\\\/\",\"url\":\"https:\\\/\\\/seitech.es\\\/fr\\\/el-grupo-apave-acelera-su-desarrollo-en-la-peninsula-iberica-con-la-adquisicion-de-seitech\\\/\",\"name\":\"El Grupo Apave acelera su desarrollo\u00a0en la Pen\u00ednsula Ib\u00e9rica con la adquisici\u00f3n de Seitech - Seitech\",\"isPartOf\":{\"@id\":\"https:\\\/\\\/seitech.es\\\/fr\\\/#website\"},\"primaryImageOfPage\":{\"@id\":\"https:\\\/\\\/seitech.es\\\/fr\\\/el-grupo-apave-acelera-su-desarrollo-en-la-peninsula-iberica-con-la-adquisicion-de-seitech\\\/#primaryimage\"},\"image\":{\"@id\":\"https:\\\/\\\/seitech.es\\\/fr\\\/el-grupo-apave-acelera-su-desarrollo-en-la-peninsula-iberica-con-la-adquisicion-de-seitech\\\/#primaryimage\"},\"thumbnailUrl\":\"https:\\\/\\\/seitech.es\\\/wp-content\\\/uploads\\\/2025\\\/07\\\/Obrero-de-Apave-mira-hacia-arriba.jpg\",\"datePublished\":\"2025-07-24T09:34:54+00:00\",\"dateModified\":\"2025-11-18T12:18:49+00:00\",\"author\":{\"@id\":\"https:\\\/\\\/seitech.es\\\/fr\\\/#\\\/schema\\\/person\\\/ec60628e595f2553c1138e8602cd46e6\"},\"description\":\"Apave, grupo internacional con m\u00e1s de 150 a\u00f1os de experiencia en la gesti\u00f3n de riesgos t\u00e9cnicos, medioambientales, humanos y digitales, ha adquirido Seitech.\",\"breadcrumb\":{\"@id\":\"https:\\\/\\\/seitech.es\\\/fr\\\/el-grupo-apave-acelera-su-desarrollo-en-la-peninsula-iberica-con-la-adquisicion-de-seitech\\\/#breadcrumb\"},\"inLanguage\":\"fr-FR\",\"potentialAction\":[{\"@type\":\"ReadAction\",\"target\":[\"https:\\\/\\\/seitech.es\\\/fr\\\/el-grupo-apave-acelera-su-desarrollo-en-la-peninsula-iberica-con-la-adquisicion-de-seitech\\\/\"]}]},{\"@type\":\"ImageObject\",\"inLanguage\":\"fr-FR\",\"@id\":\"https:\\\/\\\/seitech.es\\\/fr\\\/el-grupo-apave-acelera-su-desarrollo-en-la-peninsula-iberica-con-la-adquisicion-de-seitech\\\/#primaryimage\",\"url\":\"https:\\\/\\\/seitech.es\\\/wp-content\\\/uploads\\\/2025\\\/07\\\/Obrero-de-Apave-mira-hacia-arriba.jpg\",\"contentUrl\":\"https:\\\/\\\/seitech.es\\\/wp-content\\\/uploads\\\/2025\\\/07\\\/Obrero-de-Apave-mira-hacia-arriba.jpg\",\"width\":1500,\"height\":1000,\"caption\":\"Obrero de Apave\"},{\"@type\":\"BreadcrumbList\",\"@id\":\"https:\\\/\\\/seitech.es\\\/fr\\\/el-grupo-apave-acelera-su-desarrollo-en-la-peninsula-iberica-con-la-adquisicion-de-seitech\\\/#breadcrumb\",\"itemListElement\":[{\"@type\":\"ListItem\",\"position\":1,\"name\":\"Portada\",\"item\":\"https:\\\/\\\/seitech.es\\\/fr\\\/\"},{\"@type\":\"ListItem\",\"position\":2,\"name\":\"El Grupo Apave acelera su desarrollo\u00a0en la Pen\u00ednsula Ib\u00e9rica con la adquisici\u00f3n de Seitech\"}]},{\"@type\":\"WebSite\",\"@id\":\"https:\\\/\\\/seitech.es\\\/fr\\\/#website\",\"url\":\"https:\\\/\\\/seitech.es\\\/fr\\\/\",\"name\":\"Seitech\",\"description\":\"Consultor\u00eda estrat\u00e9gica y operaciones\",\"potentialAction\":[{\"@type\":\"SearchAction\",\"target\":{\"@type\":\"EntryPoint\",\"urlTemplate\":\"https:\\\/\\\/seitech.es\\\/fr\\\/?s={search_term_string}\"},\"query-input\":{\"@type\":\"PropertyValueSpecification\",\"valueRequired\":true,\"valueName\":\"search_term_string\"}}],\"inLanguage\":\"fr-FR\"},{\"@type\":\"Person\",\"@id\":\"https:\\\/\\\/seitech.es\\\/fr\\\/#\\\/schema\\\/person\\\/ec60628e595f2553c1138e8602cd46e6\",\"name\":\"marketing\",\"image\":{\"@type\":\"ImageObject\",\"inLanguage\":\"fr-FR\",\"@id\":\"https:\\\/\\\/secure.gravatar.com\\\/avatar\\\/1c9a72279d7f9208d21bc1a3f7d232ebdcccfcff36e48ac8b2876a7e28135fd9?s=96&d=mm&r=g\",\"url\":\"https:\\\/\\\/secure.gravatar.com\\\/avatar\\\/1c9a72279d7f9208d21bc1a3f7d232ebdcccfcff36e48ac8b2876a7e28135fd9?s=96&d=mm&r=g\",\"contentUrl\":\"https:\\\/\\\/secure.gravatar.com\\\/avatar\\\/1c9a72279d7f9208d21bc1a3f7d232ebdcccfcff36e48ac8b2876a7e28135fd9?s=96&d=mm&r=g\",\"caption\":\"marketing\"},\"sameAs\":[\"https:\\\/\\\/x.com\\\/marketing\",\"marketing\"],\"url\":\"https:\\\/\\\/seitech.es\\\/fr\\\/author\\\/marketing\\\/\"}]}<\/script>\n<!-- \/ Yoast SEO plugin. -->","yoast_head_json":{"title":"El Grupo Apave acelera su desarrollo\u00a0en la Pen\u00ednsula Ib\u00e9rica con la adquisici\u00f3n de Seitech - Seitech","description":"Apave, grupo internacional con m\u00e1s de 150 a\u00f1os de experiencia en la gesti\u00f3n de riesgos t\u00e9cnicos, medioambientales, humanos y digitales, ha adquirido Seitech.","robots":{"index":"index","follow":"follow","max-snippet":"max-snippet:-1","max-image-preview":"max-image-preview:large","max-video-preview":"max-video-preview:-1"},"canonical":"https:\/\/seitech.es\/fr\/el-grupo-apave-acelera-su-desarrollo-en-la-peninsula-iberica-con-la-adquisicion-de-seitech\/","og_locale":"fr_FR","og_type":"article","og_title":"El Grupo Apave acelera su desarrollo\u00a0en la Pen\u00ednsula Ib\u00e9rica con la adquisici\u00f3n de Seitech - Seitech","og_description":"Apave, grupo internacional con m\u00e1s de 150 a\u00f1os de experiencia en la gesti\u00f3n de riesgos t\u00e9cnicos, medioambientales, humanos y digitales, ha adquirido Seitech.","og_url":"https:\/\/seitech.es\/fr\/el-grupo-apave-acelera-su-desarrollo-en-la-peninsula-iberica-con-la-adquisicion-de-seitech\/","og_site_name":"Seitech","article_published_time":"2025-07-24T09:34:54+00:00","article_modified_time":"2025-11-18T12:18:49+00:00","og_image":[{"width":1500,"height":1000,"url":"https:\/\/seitech.es\/wp-content\/uploads\/2025\/07\/Obrero-de-Apave-mira-hacia-arriba.jpg","type":"image\/jpeg"}],"author":"marketing","twitter_card":"summary_large_image","twitter_creator":"@marketing","twitter_misc":{"\u00c9crit par":"marketing","Dur\u00e9e de lecture estim\u00e9e":"3 minutes"},"schema":{"@context":"https:\/\/schema.org","@graph":[{"@type":"Article","@id":"https:\/\/seitech.es\/fr\/el-grupo-apave-acelera-su-desarrollo-en-la-peninsula-iberica-con-la-adquisicion-de-seitech\/#article","isPartOf":{"@id":"https:\/\/seitech.es\/fr\/el-grupo-apave-acelera-su-desarrollo-en-la-peninsula-iberica-con-la-adquisicion-de-seitech\/"},"author":{"name":"marketing","@id":"https:\/\/seitech.es\/fr\/#\/schema\/person\/ec60628e595f2553c1138e8602cd46e6"},"headline":"El Grupo Apave acelera su desarrollo\u00a0en la Pen\u00ednsula Ib\u00e9rica con la adquisici\u00f3n de Seitech","datePublished":"2025-07-24T09:34:54+00:00","dateModified":"2025-11-18T12:18:49+00:00","mainEntityOfPage":{"@id":"https:\/\/seitech.es\/fr\/el-grupo-apave-acelera-su-desarrollo-en-la-peninsula-iberica-con-la-adquisicion-de-seitech\/"},"wordCount":821,"image":{"@id":"https:\/\/seitech.es\/fr\/el-grupo-apave-acelera-su-desarrollo-en-la-peninsula-iberica-con-la-adquisicion-de-seitech\/#primaryimage"},"thumbnailUrl":"https:\/\/seitech.es\/wp-content\/uploads\/2025\/07\/Obrero-de-Apave-mira-hacia-arriba.jpg","keywords":["Apave"],"articleSection":["Corporativo"],"inLanguage":"fr-FR"},{"@type":"WebPage","@id":"https:\/\/seitech.es\/fr\/el-grupo-apave-acelera-su-desarrollo-en-la-peninsula-iberica-con-la-adquisicion-de-seitech\/","url":"https:\/\/seitech.es\/fr\/el-grupo-apave-acelera-su-desarrollo-en-la-peninsula-iberica-con-la-adquisicion-de-seitech\/","name":"El Grupo Apave acelera su desarrollo\u00a0en la Pen\u00ednsula Ib\u00e9rica con la adquisici\u00f3n de Seitech - Seitech","isPartOf":{"@id":"https:\/\/seitech.es\/fr\/#website"},"primaryImageOfPage":{"@id":"https:\/\/seitech.es\/fr\/el-grupo-apave-acelera-su-desarrollo-en-la-peninsula-iberica-con-la-adquisicion-de-seitech\/#primaryimage"},"image":{"@id":"https:\/\/seitech.es\/fr\/el-grupo-apave-acelera-su-desarrollo-en-la-peninsula-iberica-con-la-adquisicion-de-seitech\/#primaryimage"},"thumbnailUrl":"https:\/\/seitech.es\/wp-content\/uploads\/2025\/07\/Obrero-de-Apave-mira-hacia-arriba.jpg","datePublished":"2025-07-24T09:34:54+00:00","dateModified":"2025-11-18T12:18:49+00:00","author":{"@id":"https:\/\/seitech.es\/fr\/#\/schema\/person\/ec60628e595f2553c1138e8602cd46e6"},"description":"Apave, grupo internacional con m\u00e1s de 150 a\u00f1os de experiencia en la gesti\u00f3n de riesgos t\u00e9cnicos, medioambientales, humanos y digitales, ha adquirido Seitech.","breadcrumb":{"@id":"https:\/\/seitech.es\/fr\/el-grupo-apave-acelera-su-desarrollo-en-la-peninsula-iberica-con-la-adquisicion-de-seitech\/#breadcrumb"},"inLanguage":"fr-FR","potentialAction":[{"@type":"ReadAction","target":["https:\/\/seitech.es\/fr\/el-grupo-apave-acelera-su-desarrollo-en-la-peninsula-iberica-con-la-adquisicion-de-seitech\/"]}]},{"@type":"ImageObject","inLanguage":"fr-FR","@id":"https:\/\/seitech.es\/fr\/el-grupo-apave-acelera-su-desarrollo-en-la-peninsula-iberica-con-la-adquisicion-de-seitech\/#primaryimage","url":"https:\/\/seitech.es\/wp-content\/uploads\/2025\/07\/Obrero-de-Apave-mira-hacia-arriba.jpg","contentUrl":"https:\/\/seitech.es\/wp-content\/uploads\/2025\/07\/Obrero-de-Apave-mira-hacia-arriba.jpg","width":1500,"height":1000,"caption":"Obrero de Apave"},{"@type":"BreadcrumbList","@id":"https:\/\/seitech.es\/fr\/el-grupo-apave-acelera-su-desarrollo-en-la-peninsula-iberica-con-la-adquisicion-de-seitech\/#breadcrumb","itemListElement":[{"@type":"ListItem","position":1,"name":"Portada","item":"https:\/\/seitech.es\/fr\/"},{"@type":"ListItem","position":2,"name":"El Grupo Apave acelera su desarrollo\u00a0en la Pen\u00ednsula Ib\u00e9rica con la adquisici\u00f3n de Seitech"}]},{"@type":"WebSite","@id":"https:\/\/seitech.es\/fr\/#website","url":"https:\/\/seitech.es\/fr\/","name":"Seitech","description":"Consultor\u00eda estrat\u00e9gica y operaciones","potentialAction":[{"@type":"SearchAction","target":{"@type":"EntryPoint","urlTemplate":"https:\/\/seitech.es\/fr\/?s={search_term_string}"},"query-input":{"@type":"PropertyValueSpecification","valueRequired":true,"valueName":"search_term_string"}}],"inLanguage":"fr-FR"},{"@type":"Person","@id":"https:\/\/seitech.es\/fr\/#\/schema\/person\/ec60628e595f2553c1138e8602cd46e6","name":"marketing","image":{"@type":"ImageObject","inLanguage":"fr-FR","@id":"https:\/\/secure.gravatar.com\/avatar\/1c9a72279d7f9208d21bc1a3f7d232ebdcccfcff36e48ac8b2876a7e28135fd9?s=96&d=mm&r=g","url":"https:\/\/secure.gravatar.com\/avatar\/1c9a72279d7f9208d21bc1a3f7d232ebdcccfcff36e48ac8b2876a7e28135fd9?s=96&d=mm&r=g","contentUrl":"https:\/\/secure.gravatar.com\/avatar\/1c9a72279d7f9208d21bc1a3f7d232ebdcccfcff36e48ac8b2876a7e28135fd9?s=96&d=mm&r=g","caption":"marketing"},"sameAs":["https:\/\/x.com\/marketing","marketing"],"url":"https:\/\/seitech.es\/fr\/author\/marketing\/"}]}},"_links":{"self":[{"href":"https:\/\/seitech.es\/fr\/wp-json\/wp\/v2\/posts\/7178","targetHints":{"allow":["GET"]}}],"collection":[{"href":"https:\/\/seitech.es\/fr\/wp-json\/wp\/v2\/posts"}],"about":[{"href":"https:\/\/seitech.es\/fr\/wp-json\/wp\/v2\/types\/post"}],"author":[{"embeddable":true,"href":"https:\/\/seitech.es\/fr\/wp-json\/wp\/v2\/users\/4"}],"replies":[{"embeddable":true,"href":"https:\/\/seitech.es\/fr\/wp-json\/wp\/v2\/comments?post=7178"}],"version-history":[{"count":1,"href":"https:\/\/seitech.es\/fr\/wp-json\/wp\/v2\/posts\/7178\/revisions"}],"predecessor-version":[{"id":7180,"href":"https:\/\/seitech.es\/fr\/wp-json\/wp\/v2\/posts\/7178\/revisions\/7180"}],"wp:featuredmedia":[{"embeddable":true,"href":"https:\/\/seitech.es\/fr\/wp-json\/wp\/v2\/media\/7179"}],"wp:attachment":[{"href":"https:\/\/seitech.es\/fr\/wp-json\/wp\/v2\/media?parent=7178"}],"wp:term":[{"taxonomy":"category","embeddable":true,"href":"https:\/\/seitech.es\/fr\/wp-json\/wp\/v2\/categories?post=7178"},{"taxonomy":"post_tag","embeddable":true,"href":"https:\/\/seitech.es\/fr\/wp-json\/wp\/v2\/tags?post=7178"}],"curies":[{"name":"wp","href":"https:\/\/api.w.org\/{rel}","templated":true}]}}