{"id":7193,"date":"2022-12-07T15:48:58","date_gmt":"2022-12-07T14:48:58","guid":{"rendered":"https:\/\/seitech.es\/ciudades-mas-eficientes-y-sostenibles-gracias-a-la-vision-artificial\/"},"modified":"2025-11-18T13:19:04","modified_gmt":"2025-11-18T12:19:04","slug":"ciudades-mas-eficientes-y-sostenibles-gracias-a-la-vision-artificial","status":"publish","type":"post","link":"https:\/\/seitech.es\/fr\/ciudades-mas-eficientes-y-sostenibles-gracias-a-la-vision-artificial\/","title":{"rendered":"Ciudades m\u00e1s eficientes y sostenibles gracias a la visi\u00f3n artificial"},"content":{"rendered":"\r\n<p>En el post de hoy os acercamos esta tribuna que hemos escrito para el medio digital <a href=\"https:\/\/diarioresponsable.com\/\">Diario Responsable<\/a>. En ella hemos querido aproximarnos al futuro-casi-presente de las ciudades que nos trae la visi\u00f3n artificial, una tecnolog\u00eda con la que podemos aspirar a lograr espacios para vivir basados en la sostenibilidad y en la eficiencia.<\/p>\r\n\r\n\r\n\r\n<p>Y es que, como comenta Vicente Arag\u00f3, CEO de Seitech, en este art\u00edculo, la visi\u00f3n artificial cada vez tendr\u00e1 m\u00e1s peso a la hora de conocer y actuar sobre las diferentes y m\u00faltiples actividades que suceden en el d\u00eda a d\u00eda de una ciudad, ya sean p\u00fablicos o privados: acondicionamiento y mantenimiento de espacios, controles de seguridad, gesti\u00f3n inteligente del tr\u00e1fico, mejora de espacios accesibles\u2026 son solo algunos de los ejemplos sobre los que pueden actuar estas tecnolog\u00edas de visi\u00f3n artificial, o computer vision.<\/p>\r\n\r\n\r\n\r\n<p>En Seitech contamos actualmente con diferentes proyectos piloto con los que queremos ir avanzando con grandes zancadas hacia una gesti\u00f3n m\u00e1s sencilla, \u00fatil y sostenible para nuestros clientes que ofrecen sus servicios en la gran urbe. En este blog te los iremos contando, mientras tanto, te invitamos a leer la tribuna de Vicente <a href=\"https:\/\/diarioresponsable.com\/opinion\/34138-vision-artificial-para-conseguir-ciudades-mas-eficientes\">aqu\u00ed<\/a>.<\/p>\r\n","protected":false},"excerpt":{"rendered":"<p>En el post de hoy os acercamos esta tribuna que hemos escrito para el medio digital Diario Responsable. En ella hemos querido aproximarnos al futuro-casi-presente de las ciudades que nos trae la visi\u00f3n artificial, una tecnolog\u00eda con la que podemos aspirar a lograr espacios para vivir basados en la sostenibilidad y en la eficiencia. Y [&hellip;]<\/p>\n","protected":false},"author":4,"featured_media":7194,"comment_status":"closed","ping_status":"closed","sticky":false,"template":"","format":"standard","meta":{"footnotes":""},"categories":[91],"tags":[95,96],"class_list":["post-7193","post","type-post","status-publish","format-standard","has-post-thumbnail","hentry","category-tecnologia","tag-computer-vision","tag-vision-analytics"],"yoast_head":"<!-- This site is optimized with the Yoast SEO plugin v27.4 - https:\/\/yoast.com\/product\/yoast-seo-wordpress\/ -->\n<title>Ciudades m\u00e1s eficientes y sostenibles gracias a la visi\u00f3n artificial - Seitech<\/title>\n<meta name=\"description\" content=\"El futuro-casi-presente de las ciudades que nos trae la visi\u00f3n artificial nos permitir\u00e1 vivir de manera m\u00e1s sostenible y eficiente.\" \/>\n<meta name=\"robots\" content=\"index, follow, max-snippet:-1, max-image-preview:large, max-video-preview:-1\" \/>\n<link rel=\"canonical\" href=\"https:\/\/seitech.es\/fr\/ciudades-mas-eficientes-y-sostenibles-gracias-a-la-vision-artificial\/\" \/>\n<meta property=\"og:locale\" content=\"fr_FR\" \/>\n<meta property=\"og:type\" content=\"article\" \/>\n<meta property=\"og:title\" content=\"Ciudades m\u00e1s eficientes y sostenibles gracias a la visi\u00f3n artificial - Seitech\" \/>\n<meta property=\"og:description\" content=\"El futuro-casi-presente de las ciudades que nos trae la visi\u00f3n artificial nos permitir\u00e1 vivir de manera m\u00e1s sostenible y eficiente.\" \/>\n<meta property=\"og:url\" content=\"https:\/\/seitech.es\/fr\/ciudades-mas-eficientes-y-sostenibles-gracias-a-la-vision-artificial\/\" \/>\n<meta property=\"og:site_name\" content=\"Seitech\" \/>\n<meta property=\"article:published_time\" content=\"2022-12-07T14:48:58+00:00\" \/>\n<meta property=\"article:modified_time\" content=\"2025-11-18T12:19:04+00:00\" \/>\n<meta property=\"og:image\" content=\"https:\/\/seitech.es\/wp-content\/uploads\/2022\/12\/ciudades-sotenibles-con-vision-artificial.jpg\" \/>\n\t<meta property=\"og:image:width\" content=\"640\" \/>\n\t<meta property=\"og:image:height\" content=\"480\" \/>\n\t<meta property=\"og:image:type\" content=\"image\/jpeg\" \/>\n<meta name=\"author\" content=\"marketing\" \/>\n<meta name=\"twitter:card\" content=\"summary_large_image\" \/>\n<meta name=\"twitter:creator\" content=\"@marketing\" \/>\n<meta name=\"twitter:label1\" content=\"\u00c9crit par\" \/>\n\t<meta name=\"twitter:data1\" content=\"marketing\" \/>\n\t<meta name=\"twitter:label2\" content=\"Dur\u00e9e de lecture estim\u00e9e\" \/>\n\t<meta name=\"twitter:data2\" content=\"2 minutes\" \/>\n<script type=\"application\/ld+json\" class=\"yoast-schema-graph\">{\"@context\":\"https:\\\/\\\/schema.org\",\"@graph\":[{\"@type\":\"Article\",\"@id\":\"https:\\\/\\\/seitech.es\\\/fr\\\/ciudades-mas-eficientes-y-sostenibles-gracias-a-la-vision-artificial\\\/#article\",\"isPartOf\":{\"@id\":\"https:\\\/\\\/seitech.es\\\/fr\\\/ciudades-mas-eficientes-y-sostenibles-gracias-a-la-vision-artificial\\\/\"},\"author\":{\"name\":\"marketing\",\"@id\":\"https:\\\/\\\/seitech.es\\\/fr\\\/#\\\/schema\\\/person\\\/ec60628e595f2553c1138e8602cd46e6\"},\"headline\":\"Ciudades m\u00e1s eficientes y sostenibles gracias a la visi\u00f3n artificial\",\"datePublished\":\"2022-12-07T14:48:58+00:00\",\"dateModified\":\"2025-11-18T12:19:04+00:00\",\"mainEntityOfPage\":{\"@id\":\"https:\\\/\\\/seitech.es\\\/fr\\\/ciudades-mas-eficientes-y-sostenibles-gracias-a-la-vision-artificial\\\/\"},\"wordCount\":219,\"image\":{\"@id\":\"https:\\\/\\\/seitech.es\\\/fr\\\/ciudades-mas-eficientes-y-sostenibles-gracias-a-la-vision-artificial\\\/#primaryimage\"},\"thumbnailUrl\":\"https:\\\/\\\/seitech.es\\\/wp-content\\\/uploads\\\/2022\\\/12\\\/ciudades-sotenibles-con-vision-artificial.jpg\",\"keywords\":[\"computer vision\",\"vision analytics\"],\"articleSection\":[\"Tecnolog\u00eda\"],\"inLanguage\":\"fr-FR\"},{\"@type\":\"WebPage\",\"@id\":\"https:\\\/\\\/seitech.es\\\/fr\\\/ciudades-mas-eficientes-y-sostenibles-gracias-a-la-vision-artificial\\\/\",\"url\":\"https:\\\/\\\/seitech.es\\\/fr\\\/ciudades-mas-eficientes-y-sostenibles-gracias-a-la-vision-artificial\\\/\",\"name\":\"Ciudades m\u00e1s eficientes y sostenibles gracias a la visi\u00f3n artificial - Seitech\",\"isPartOf\":{\"@id\":\"https:\\\/\\\/seitech.es\\\/fr\\\/#website\"},\"primaryImageOfPage\":{\"@id\":\"https:\\\/\\\/seitech.es\\\/fr\\\/ciudades-mas-eficientes-y-sostenibles-gracias-a-la-vision-artificial\\\/#primaryimage\"},\"image\":{\"@id\":\"https:\\\/\\\/seitech.es\\\/fr\\\/ciudades-mas-eficientes-y-sostenibles-gracias-a-la-vision-artificial\\\/#primaryimage\"},\"thumbnailUrl\":\"https:\\\/\\\/seitech.es\\\/wp-content\\\/uploads\\\/2022\\\/12\\\/ciudades-sotenibles-con-vision-artificial.jpg\",\"datePublished\":\"2022-12-07T14:48:58+00:00\",\"dateModified\":\"2025-11-18T12:19:04+00:00\",\"author\":{\"@id\":\"https:\\\/\\\/seitech.es\\\/fr\\\/#\\\/schema\\\/person\\\/ec60628e595f2553c1138e8602cd46e6\"},\"description\":\"El futuro-casi-presente de las ciudades que nos trae la visi\u00f3n artificial nos permitir\u00e1 vivir de manera m\u00e1s sostenible y eficiente.\",\"breadcrumb\":{\"@id\":\"https:\\\/\\\/seitech.es\\\/fr\\\/ciudades-mas-eficientes-y-sostenibles-gracias-a-la-vision-artificial\\\/#breadcrumb\"},\"inLanguage\":\"fr-FR\",\"potentialAction\":[{\"@type\":\"ReadAction\",\"target\":[\"https:\\\/\\\/seitech.es\\\/fr\\\/ciudades-mas-eficientes-y-sostenibles-gracias-a-la-vision-artificial\\\/\"]}]},{\"@type\":\"ImageObject\",\"inLanguage\":\"fr-FR\",\"@id\":\"https:\\\/\\\/seitech.es\\\/fr\\\/ciudades-mas-eficientes-y-sostenibles-gracias-a-la-vision-artificial\\\/#primaryimage\",\"url\":\"https:\\\/\\\/seitech.es\\\/wp-content\\\/uploads\\\/2022\\\/12\\\/ciudades-sotenibles-con-vision-artificial.jpg\",\"contentUrl\":\"https:\\\/\\\/seitech.es\\\/wp-content\\\/uploads\\\/2022\\\/12\\\/ciudades-sotenibles-con-vision-artificial.jpg\",\"width\":640,\"height\":480,\"caption\":\"personas desplaz\u00e1ndose en patinete el\u00e9ctrico\"},{\"@type\":\"BreadcrumbList\",\"@id\":\"https:\\\/\\\/seitech.es\\\/fr\\\/ciudades-mas-eficientes-y-sostenibles-gracias-a-la-vision-artificial\\\/#breadcrumb\",\"itemListElement\":[{\"@type\":\"ListItem\",\"position\":1,\"name\":\"Portada\",\"item\":\"https:\\\/\\\/seitech.es\\\/fr\\\/\"},{\"@type\":\"ListItem\",\"position\":2,\"name\":\"Ciudades m\u00e1s eficientes y sostenibles gracias a la visi\u00f3n artificial\"}]},{\"@type\":\"WebSite\",\"@id\":\"https:\\\/\\\/seitech.es\\\/fr\\\/#website\",\"url\":\"https:\\\/\\\/seitech.es\\\/fr\\\/\",\"name\":\"Seitech\",\"description\":\"Consultor\u00eda estrat\u00e9gica y operaciones\",\"potentialAction\":[{\"@type\":\"SearchAction\",\"target\":{\"@type\":\"EntryPoint\",\"urlTemplate\":\"https:\\\/\\\/seitech.es\\\/fr\\\/?s={search_term_string}\"},\"query-input\":{\"@type\":\"PropertyValueSpecification\",\"valueRequired\":true,\"valueName\":\"search_term_string\"}}],\"inLanguage\":\"fr-FR\"},{\"@type\":\"Person\",\"@id\":\"https:\\\/\\\/seitech.es\\\/fr\\\/#\\\/schema\\\/person\\\/ec60628e595f2553c1138e8602cd46e6\",\"name\":\"marketing\",\"image\":{\"@type\":\"ImageObject\",\"inLanguage\":\"fr-FR\",\"@id\":\"https:\\\/\\\/secure.gravatar.com\\\/avatar\\\/1c9a72279d7f9208d21bc1a3f7d232ebdcccfcff36e48ac8b2876a7e28135fd9?s=96&d=mm&r=g\",\"url\":\"https:\\\/\\\/secure.gravatar.com\\\/avatar\\\/1c9a72279d7f9208d21bc1a3f7d232ebdcccfcff36e48ac8b2876a7e28135fd9?s=96&d=mm&r=g\",\"contentUrl\":\"https:\\\/\\\/secure.gravatar.com\\\/avatar\\\/1c9a72279d7f9208d21bc1a3f7d232ebdcccfcff36e48ac8b2876a7e28135fd9?s=96&d=mm&r=g\",\"caption\":\"marketing\"},\"sameAs\":[\"https:\\\/\\\/x.com\\\/marketing\",\"marketing\"],\"url\":\"https:\\\/\\\/seitech.es\\\/fr\\\/author\\\/marketing\\\/\"}]}<\/script>\n<!-- \/ Yoast SEO plugin. -->","yoast_head_json":{"title":"Ciudades m\u00e1s eficientes y sostenibles gracias a la visi\u00f3n artificial - Seitech","description":"El futuro-casi-presente de las ciudades que nos trae la visi\u00f3n artificial nos permitir\u00e1 vivir de manera m\u00e1s sostenible y eficiente.","robots":{"index":"index","follow":"follow","max-snippet":"max-snippet:-1","max-image-preview":"max-image-preview:large","max-video-preview":"max-video-preview:-1"},"canonical":"https:\/\/seitech.es\/fr\/ciudades-mas-eficientes-y-sostenibles-gracias-a-la-vision-artificial\/","og_locale":"fr_FR","og_type":"article","og_title":"Ciudades m\u00e1s eficientes y sostenibles gracias a la visi\u00f3n artificial - Seitech","og_description":"El futuro-casi-presente de las ciudades que nos trae la visi\u00f3n artificial nos permitir\u00e1 vivir de manera m\u00e1s sostenible y eficiente.","og_url":"https:\/\/seitech.es\/fr\/ciudades-mas-eficientes-y-sostenibles-gracias-a-la-vision-artificial\/","og_site_name":"Seitech","article_published_time":"2022-12-07T14:48:58+00:00","article_modified_time":"2025-11-18T12:19:04+00:00","og_image":[{"width":640,"height":480,"url":"https:\/\/seitech.es\/wp-content\/uploads\/2022\/12\/ciudades-sotenibles-con-vision-artificial.jpg","type":"image\/jpeg"}],"author":"marketing","twitter_card":"summary_large_image","twitter_creator":"@marketing","twitter_misc":{"\u00c9crit par":"marketing","Dur\u00e9e de lecture estim\u00e9e":"2 minutes"},"schema":{"@context":"https:\/\/schema.org","@graph":[{"@type":"Article","@id":"https:\/\/seitech.es\/fr\/ciudades-mas-eficientes-y-sostenibles-gracias-a-la-vision-artificial\/#article","isPartOf":{"@id":"https:\/\/seitech.es\/fr\/ciudades-mas-eficientes-y-sostenibles-gracias-a-la-vision-artificial\/"},"author":{"name":"marketing","@id":"https:\/\/seitech.es\/fr\/#\/schema\/person\/ec60628e595f2553c1138e8602cd46e6"},"headline":"Ciudades m\u00e1s eficientes y sostenibles gracias a la visi\u00f3n artificial","datePublished":"2022-12-07T14:48:58+00:00","dateModified":"2025-11-18T12:19:04+00:00","mainEntityOfPage":{"@id":"https:\/\/seitech.es\/fr\/ciudades-mas-eficientes-y-sostenibles-gracias-a-la-vision-artificial\/"},"wordCount":219,"image":{"@id":"https:\/\/seitech.es\/fr\/ciudades-mas-eficientes-y-sostenibles-gracias-a-la-vision-artificial\/#primaryimage"},"thumbnailUrl":"https:\/\/seitech.es\/wp-content\/uploads\/2022\/12\/ciudades-sotenibles-con-vision-artificial.jpg","keywords":["computer vision","vision analytics"],"articleSection":["Tecnolog\u00eda"],"inLanguage":"fr-FR"},{"@type":"WebPage","@id":"https:\/\/seitech.es\/fr\/ciudades-mas-eficientes-y-sostenibles-gracias-a-la-vision-artificial\/","url":"https:\/\/seitech.es\/fr\/ciudades-mas-eficientes-y-sostenibles-gracias-a-la-vision-artificial\/","name":"Ciudades m\u00e1s eficientes y sostenibles gracias a la visi\u00f3n artificial - Seitech","isPartOf":{"@id":"https:\/\/seitech.es\/fr\/#website"},"primaryImageOfPage":{"@id":"https:\/\/seitech.es\/fr\/ciudades-mas-eficientes-y-sostenibles-gracias-a-la-vision-artificial\/#primaryimage"},"image":{"@id":"https:\/\/seitech.es\/fr\/ciudades-mas-eficientes-y-sostenibles-gracias-a-la-vision-artificial\/#primaryimage"},"thumbnailUrl":"https:\/\/seitech.es\/wp-content\/uploads\/2022\/12\/ciudades-sotenibles-con-vision-artificial.jpg","datePublished":"2022-12-07T14:48:58+00:00","dateModified":"2025-11-18T12:19:04+00:00","author":{"@id":"https:\/\/seitech.es\/fr\/#\/schema\/person\/ec60628e595f2553c1138e8602cd46e6"},"description":"El futuro-casi-presente de las ciudades que nos trae la visi\u00f3n artificial nos permitir\u00e1 vivir de manera m\u00e1s sostenible y eficiente.","breadcrumb":{"@id":"https:\/\/seitech.es\/fr\/ciudades-mas-eficientes-y-sostenibles-gracias-a-la-vision-artificial\/#breadcrumb"},"inLanguage":"fr-FR","potentialAction":[{"@type":"ReadAction","target":["https:\/\/seitech.es\/fr\/ciudades-mas-eficientes-y-sostenibles-gracias-a-la-vision-artificial\/"]}]},{"@type":"ImageObject","inLanguage":"fr-FR","@id":"https:\/\/seitech.es\/fr\/ciudades-mas-eficientes-y-sostenibles-gracias-a-la-vision-artificial\/#primaryimage","url":"https:\/\/seitech.es\/wp-content\/uploads\/2022\/12\/ciudades-sotenibles-con-vision-artificial.jpg","contentUrl":"https:\/\/seitech.es\/wp-content\/uploads\/2022\/12\/ciudades-sotenibles-con-vision-artificial.jpg","width":640,"height":480,"caption":"personas desplaz\u00e1ndose en patinete el\u00e9ctrico"},{"@type":"BreadcrumbList","@id":"https:\/\/seitech.es\/fr\/ciudades-mas-eficientes-y-sostenibles-gracias-a-la-vision-artificial\/#breadcrumb","itemListElement":[{"@type":"ListItem","position":1,"name":"Portada","item":"https:\/\/seitech.es\/fr\/"},{"@type":"ListItem","position":2,"name":"Ciudades m\u00e1s eficientes y sostenibles gracias a la visi\u00f3n artificial"}]},{"@type":"WebSite","@id":"https:\/\/seitech.es\/fr\/#website","url":"https:\/\/seitech.es\/fr\/","name":"Seitech","description":"Consultor\u00eda estrat\u00e9gica y operaciones","potentialAction":[{"@type":"SearchAction","target":{"@type":"EntryPoint","urlTemplate":"https:\/\/seitech.es\/fr\/?s={search_term_string}"},"query-input":{"@type":"PropertyValueSpecification","valueRequired":true,"valueName":"search_term_string"}}],"inLanguage":"fr-FR"},{"@type":"Person","@id":"https:\/\/seitech.es\/fr\/#\/schema\/person\/ec60628e595f2553c1138e8602cd46e6","name":"marketing","image":{"@type":"ImageObject","inLanguage":"fr-FR","@id":"https:\/\/secure.gravatar.com\/avatar\/1c9a72279d7f9208d21bc1a3f7d232ebdcccfcff36e48ac8b2876a7e28135fd9?s=96&d=mm&r=g","url":"https:\/\/secure.gravatar.com\/avatar\/1c9a72279d7f9208d21bc1a3f7d232ebdcccfcff36e48ac8b2876a7e28135fd9?s=96&d=mm&r=g","contentUrl":"https:\/\/secure.gravatar.com\/avatar\/1c9a72279d7f9208d21bc1a3f7d232ebdcccfcff36e48ac8b2876a7e28135fd9?s=96&d=mm&r=g","caption":"marketing"},"sameAs":["https:\/\/x.com\/marketing","marketing"],"url":"https:\/\/seitech.es\/fr\/author\/marketing\/"}]}},"_links":{"self":[{"href":"https:\/\/seitech.es\/fr\/wp-json\/wp\/v2\/posts\/7193","targetHints":{"allow":["GET"]}}],"collection":[{"href":"https:\/\/seitech.es\/fr\/wp-json\/wp\/v2\/posts"}],"about":[{"href":"https:\/\/seitech.es\/fr\/wp-json\/wp\/v2\/types\/post"}],"author":[{"embeddable":true,"href":"https:\/\/seitech.es\/fr\/wp-json\/wp\/v2\/users\/4"}],"replies":[{"embeddable":true,"href":"https:\/\/seitech.es\/fr\/wp-json\/wp\/v2\/comments?post=7193"}],"version-history":[{"count":1,"href":"https:\/\/seitech.es\/fr\/wp-json\/wp\/v2\/posts\/7193\/revisions"}],"predecessor-version":[{"id":7233,"href":"https:\/\/seitech.es\/fr\/wp-json\/wp\/v2\/posts\/7193\/revisions\/7233"}],"wp:featuredmedia":[{"embeddable":true,"href":"https:\/\/seitech.es\/fr\/wp-json\/wp\/v2\/media\/7194"}],"wp:attachment":[{"href":"https:\/\/seitech.es\/fr\/wp-json\/wp\/v2\/media?parent=7193"}],"wp:term":[{"taxonomy":"category","embeddable":true,"href":"https:\/\/seitech.es\/fr\/wp-json\/wp\/v2\/categories?post=7193"},{"taxonomy":"post_tag","embeddable":true,"href":"https:\/\/seitech.es\/fr\/wp-json\/wp\/v2\/tags?post=7193"}],"curies":[{"name":"wp","href":"https:\/\/api.w.org\/{rel}","templated":true}]}}